{"id":12474,"date":"2025-08-01T16:59:53","date_gmt":"2025-08-01T21:59:53","guid":{"rendered":"https:\/\/sailbloguestg.wpenginepowered.com\/3-sacs-a-dos-pour-votre-voyage\/"},"modified":"2025-08-05T09:32:29","modified_gmt":"2025-08-05T14:32:29","slug":"3-sacs-a-dos-pour-votre-voyage","status":"publish","type":"post","link":"https:\/\/blog.sail.ca\/fr\/3-sacs-a-dos-pour-votre-voyage\/","title":{"rendered":"3 excellents sacs \u00e0 dos pour votre voyage"},"content":{"rendered":"","protected":false},"excerpt":{"rendered":"","protected":false},"author":9,"featured_media":22042,"comment_status":"closed","ping_status":"open","sticky":false,"template":"","format":"standard","meta":{"_acf_changed":false,"footnotes":""},"categories":[62,160,155,77],"tags":[301],"class_list":["post-12474","post","type-post","status-publish","format-standard","has-post-thumbnail","hentry","category-plein-air","category-voyages","category-guides-destinations","category-sacs-transport","tag-camping"],"acf":{"post_flexible_content":[{"acf_fc_layout":"text_content","content_anchor":false,"anchor_link_text":"","text_content":"Vous r\u00eavez de partir \u00e0 l\u2019aventure, mais vous ne savez pas quel sac \u00e0 dos emporter? Que vous planifiiez une randonn\u00e9e d\u2019une semaine en terrain accident\u00e9, une escapade citadine de derni\u00e8re minute ou une petite marche revigorante en for\u00eat, votre sac sera votre compagnon de confiance. Le bon choix vous permettra de transporter tout ce dont vous avez besoin, sans vous ralentir.\r\nNos sp\u00e9cialistes en magasin connaissent tout de l\u2019\u00e9quipement de plein air. Ils ont s\u00e9lectionn\u00e9 trois des meilleurs sacs \u00e0 dos de voyage pour tous les types d\u2019aventures. Que les v\u00f4tres soient grandes ou petites, il y a un sac ici qui est fait pour vous!"},{"acf_fc_layout":"text_content","content_anchor":false,"anchor_link_text":"","text_content":"<h2>Le sac parfait pour : une randonn\u00e9e d\u2019une journ\u00e9e ou une escapade de fin de semaine<\/h2>\r\nPour une petite escapade urbaine d\u2019une nuit ou une courte randonn\u00e9e tant que la m\u00e9t\u00e9o est favorable, inutile de vous encombrer d\u2019un sac trop lourd. Dans ce cas, optez pour un mod\u00e8le l\u00e9ger et \u00e9pur\u00e9. Cherchez un sac d\u2019une capacit\u00e9 de 18 \u00e0 30 litres : l\u00e9ger sur les \u00e9paules, au design simple, mais suffisamment robuste pour tout transporter.\r\n<h3>Gregory : Les mod\u00e8les Nano 18 L et Maya\/Miko 25 L<\/h3>\r\n<img class=\"alignnone wp-image-22045 size-full\" src=\"https:\/\/blog.sail.ca\/app\/uploads\/2025\/08\/Nano-18-L.png\" alt=\"Nano 18 L\" width=\"1080\" height=\"720\" \/>\r\n\r\nLa gamme de sacs de jour de <a href=\"https:\/\/www.sail.ca\/fr\/gregory\">Gregory<\/a> offre un poids minimal pour une libert\u00e9 maximale. Le <a href=\"https:\/\/www.sail.ca\/fr\/gregory-sac-a-dos-de-randonnee-nano-18-l-1443446\">Nano 18 L<\/a>, en particulier, est une option ultrapolyvalente con\u00e7ue pour les sentiers, les trajets et tout ce qui se trouve entre les deux. Il dispose d\u2019un compartiment principal spacieux pour vos v\u00eatements de rechange et collations, d\u2019une poche frontale pratique pour garder les essentiels \u00e0 port\u00e9e de main, et d\u2019une pochette d\u2019hydratation qui peut \u00e9galement accueillir une tablette ou un ordinateur portable. Solide, pratique et \u00e9tonnamment spacieux, ce mod\u00e8le r\u00e9pond \u00e0 tous les crit\u00e8res.\r\n\r\n<img class=\"alignnone wp-image-22046 size-full\" src=\"https:\/\/blog.sail.ca\/app\/uploads\/2025\/08\/Miko-Maya-L.png\" alt=\"Miko Maya \" width=\"1080\" height=\"720\" \/>\r\nBesoin d\u2019un peu plus d\u2019espace? D\u00e9couvrez le <a href=\"https:\/\/www.sail.ca\/fr\/gregory-sac-a-dos-de-randonnee-miko-25-l-1053763-22-032770001\">Miko<\/a> (mod\u00e8le pour homme) et le <a href=\"https:\/\/www.sail.ca\/fr\/gregory-sac-a-dos-de-randonnee-maya-25-l-femme-1053759-22-032750001\">Maya<\/a> (mod\u00e8le pour femme) en 25 L. Con\u00e7us avec le syst\u00e8me BioSync de Gregory, ces sacs suivent les mouvements naturels de votre corps. Comme le Nano, ils sont dot\u00e9s d\u2019un panneau dorsal ventil\u00e9 qui permet de rester au frais et d\u2019une longueur de torse r\u00e9glable pour un ajustement personnalis\u00e9 et confortable. Remplis d\u2019options de rangement astucieuses (all\u00f4, la poche \u00e0 acc\u00e8s par le haut!) et pens\u00e9s pour le confort, ces sacs sont pr\u00eats \u00e0 suivre votre rythme."},{"acf_fc_layout":"text_content","content_anchor":false,"anchor_link_text":"","text_content":"<h2>Le sac parfait pour : un voyage de deux semaines<\/h2>\r\nQue vous randonniez de refuge en refuge dans la nature canadienne ou que vous exploriez le Costa Rica, un voyage de deux semaines n\u00e9cessite un sac \u00e0 dos \u00e0 la hauteur de votre esprit d\u2019aventure. \u00c0 ce niveau, tout est question d\u2019\u00e9quilibre. Nos sp\u00e9cialistes recommandent un mod\u00e8le dans la plage des 35 \u00e0 45 litres pour trouver le juste milieu entre espace et confort.\r\n<h3>Deuter : les mod\u00e8les Futura Pro 36 L et Futura Pro 34 L<\/h3>\r\n<img class=\"alignnone wp-image-22047 size-full\" src=\"https:\/\/blog.sail.ca\/app\/uploads\/2025\/08\/Futura-Pro-36L.png\" alt=\"Futura Pro 36L\" width=\"1080\" height=\"720\" \/>\r\n\r\nFaites connaissance avec votre nouveau meilleur alli\u00e9 de voyage : le <a href=\"https:\/\/www.sail.ca\/en\/deuter-futura-pro-36-l-hiking-backpack-744595\">Futura Pro 36 L<\/a>. Il est con\u00e7u pour offrir un confort de longue dur\u00e9e gr\u00e2ce au syst\u00e8me dorsal en maille Aircomfort Sensic Pro, exclusif \u00e0 <a href=\"https:\/\/www.sail.ca\/en\/deuter?srsltid=AfmBOookJY22sF59sN3fK65Z5qZNifbNeR9jWA10RqZp3J3zUNf7DOGg\">Deuter<\/a>, qui permet une circulation optimale de l\u2019air pendant l\u2019effort. Les ailes ergonomiques au niveau des hanches suivent votre foul\u00e9e, vous faisant \u00e9conomiser de l\u2019\u00e9nergie lors des longues journ\u00e9es bien charg\u00e9es.\r\nC\u00f4t\u00e9 rangement, vous ne manquerez pas d\u2019options : compartiment dans le rabat sup\u00e9rieur pour les petits objets, poches soufflet lat\u00e9rales pour les accessoires \u00e0 garder \u00e0 port\u00e9e de main, compartiment inf\u00e9rieur s\u00e9par\u00e9 pour les chaussures ou le sac de couchage, et un grand compartiment principal pour le reste de votre \u00e9quipement. Une housse de pluie est m\u00eame incluse, au cas o\u00f9 la m\u00e9t\u00e9o se g\u00e2terait.\r\n\r\n<img class=\"alignnone wp-image-22048 size-full\" src=\"https:\/\/blog.sail.ca\/app\/uploads\/2025\/08\/Futura-Pro-34-L.png\" alt=\"Futura Pro 34 L\" width=\"1080\" height=\"720\" \/>\r\nLe <a href=\"https:\/\/www.sail.ca\/en\/deuter-futura-pro-34-l-sl-hiking-backpack-women-744591\">Futura Pro 34 L<\/a> propose toutes les caract\u00e9ristiques du mod\u00e8le 36 L, mais a \u00e9t\u00e9 sp\u00e9cialement con\u00e7u pour la morphologie f\u00e9minine. Il offre le m\u00eame confort avanc\u00e9, la m\u00eame ventilation et les m\u00eames technologies de portage, avec un dos l\u00e9g\u00e8rement plus court et des bretelles plus \u00e9troites."},{"acf_fc_layout":"text_content","content_anchor":false,"anchor_link_text":"","text_content":"<h2>Le sac parfait pour : une aventure d\u2019un mois<\/h2>\r\nVous partez pour un mois (ou plus)? Que ce soit pour randonner en pleine nature, loin de tout, ou pour voyager lentement \u00e0 travers un ou plusieurs pays, il vous faut un sac assez grand pour transporter l\u2019essentiel, mais suffisamment bien pens\u00e9 pour ne pas vous donner l\u2019impression de transporter toutes vos possessions sur votre dos. Nos experts recommandent un volume compris entre 50 et 65 litres, avec de nombreuses fonctionnalit\u00e9s int\u00e9gr\u00e9es pour tout organiser et garder vos affaires accessibles.\r\n<h3>Osprey : les mod\u00e8les Fairview\/Farpoint 55 L et 70 L<\/h3>\r\n<img class=\"alignnone wp-image-22049 size-full\" src=\"https:\/\/blog.sail.ca\/app\/uploads\/2025\/08\/Farpoint-55-L.png\" alt=\"Farpoint 55 L\" width=\"1080\" height=\"720\" \/>\r\n\r\nSi vous partez pour quelques semaines, vous aurez besoin d\u2019un sac \u00e0 dos spacieux, bien \u00e9quip\u00e9 et pr\u00eat \u00e0 affronter tous les impr\u00e9vus. Notre premier choix : le sac <a href=\"https:\/\/www.sail.ca\/fr\/osprey\">Osprey<\/a> <a href=\"https:\/\/www.sail.ca\/fr\/osprey-sac-a-dos-de-voyage-farpoint-55-l-853731\">Farpoint 55 L<\/a> (\u00e9galement disponible en version Fairview pour femme). C\u2019est un mod\u00e8le technique dot\u00e9 d\u2019un dos \u00e0 longueur r\u00e9glable, d\u2019une ceinture et d\u2019un harnais respirants, ainsi que d\u2019un cadre LightWire robuste qui r\u00e9partit bien le poids pour en finir avec les \u00e9paules douloureuses. Son int\u00e9rieur est spacieux et bien organis\u00e9, avec des sangles de compression pour maintenir vos affaires en place. En plus, ce mod\u00e8le vient avec un sac de jour enti\u00e8rement d\u00e9tachable, parfait pour les passages \u00e0 l\u2019a\u00e9roport, les balades en ville ou les d\u00e9tours sur les sentiers.\r\n\r\n<img class=\"alignnone wp-image-22051 size-full\" src=\"https:\/\/blog.sail.ca\/app\/uploads\/2025\/08\/Farpoint-et-Fairview-1.png\" alt=\"Farpoint et Fairview\" width=\"1080\" height=\"720\" \/>\r\nIl vous faut plus d\u2019espace? Les mod\u00e8les <a href=\"https:\/\/www.sail.ca\/fr\/osprey-sac-a-dos-de-voyage-farpoint-70-l-853711\">Farpoint 70 L<\/a> et <a href=\"https:\/\/www.sail.ca\/fr\/osprey-sac-a-dos-fairview-70-l-514527\">Fairview 70 L<\/a> offrent une capacit\u00e9 suffisante pour un mois entier de voyage sans interruption.\r\n\r\nDes escapades urbaines rapides aux grandes aventures de plusieurs semaines, il existe un sac adapt\u00e9 \u00e0 vos projets (et \u00e0 votre budget). Nous esp\u00e9rons que ces recommandations vous aideront \u00e0 choisir le sac \u00e0 dos de voyage id\u00e9al\u2026 et \u00e0 rendre vos aventures encore plus excitantes!"}],"author_type":"wordpress","partnership_options":{"partnership_label":"","partner_logo":null,"partner_link":"","partnership_text":""},"override_related_posts":false,"related_posts":null,"right_cta_visibility":false,"sidebar_cta_content_override":false,"sidebar_cta_title":"","sidebar_cta_description":"","sidebar_cta_button":null},"yoast_head":"<!-- This site is optimized with the Yoast SEO Premium plugin v25.6 (Yoast SEO v27.3) - https:\/\/yoast.com\/product\/yoast-seo-premium-wordpress\/ -->\n<title>3 excellents sacs \u00e0 dos pour votre voyage | SAIL Blogue<\/title>\n<meta name=\"description\" content=\"Vous planifiez une aventure mais ne savez pas quel sac \u00e0 dos emporter? Notre \u00e9quipe partage ses 3 meilleurs choix. Lisez l\u2019article pour d\u00e9couvrir nos conseils.\" \/>\n<meta name=\"robots\" content=\"noindex, follow, max-snippet:-1, max-image-preview:large, max-video-preview:-1\" \/>\n<meta property=\"og:locale\" content=\"fr_CA\" \/>\n<meta property=\"og:type\" content=\"article\" \/>\n<meta property=\"og:title\" content=\"3 excellents sacs \u00e0 dos pour votre voyage\" \/>\n<meta property=\"og:description\" content=\"Vous planifiez une aventure mais ne savez pas quel sac \u00e0 dos emporter? Notre \u00e9quipe partage ses 3 meilleurs choix. Lisez l\u2019article pour d\u00e9couvrir nos conseils.\" \/>\n<meta property=\"og:url\" content=\"https:\/\/blog.sail.ca\/fr\/3-sacs-a-dos-pour-votre-voyage\/\" \/>\n<meta property=\"og:site_name\" content=\"SAIL Blogue\" \/>\n<meta property=\"article:publisher\" content=\"https:\/\/www.facebook.com\/SAILpleinairoutdoors\" \/>\n<meta property=\"article:published_time\" content=\"2025-08-01T21:59:53+00:00\" \/>\n<meta property=\"article:modified_time\" content=\"2025-08-05T14:32:29+00:00\" \/>\n<meta property=\"og:image\" content=\"https:\/\/blog.sail.ca\/wp-content\/uploads\/2015\/08\/Blogue-sac-rando-1.png\" \/>\n\t<meta property=\"og:image:width\" content=\"1080\" \/>\n\t<meta property=\"og:image:height\" content=\"720\" \/>\n\t<meta property=\"og:image:type\" content=\"image\/png\" \/>\n<meta name=\"author\" content=\"SAIL\" \/>\n<meta name=\"twitter:card\" content=\"summary_large_image\" \/>\n<meta name=\"twitter:label1\" content=\"Written by\" \/>\n\t<meta name=\"twitter:data1\" content=\"SAIL\" \/>\n\t<meta name=\"twitter:label2\" content=\"Est. reading time\" \/>\n\t<meta name=\"twitter:data2\" content=\"6 minutes\" \/>\n<script type=\"application\/ld+json\" class=\"yoast-schema-graph\">{\"@context\":\"https:\\\/\\\/schema.org\",\"@graph\":[{\"@type\":\"Article\",\"@id\":\"https:\\\/\\\/blog.sail.ca\\\/fr\\\/3-sacs-a-dos-pour-votre-voyage\\\/#article\",\"isPartOf\":{\"@id\":\"https:\\\/\\\/blog.sail.ca\\\/fr\\\/3-sacs-a-dos-pour-votre-voyage\\\/\"},\"author\":{\"name\":\"SAIL\",\"@id\":\"https:\\\/\\\/blog.sail.ca\\\/fr\\\/#\\\/schema\\\/person\\\/17d7388fba7f01faf2e9dfd645f57f9b\"},\"headline\":\"3 excellents sacs \u00e0 dos pour votre voyage\",\"datePublished\":\"2025-08-01T21:59:53+00:00\",\"dateModified\":\"2025-08-05T14:32:29+00:00\",\"mainEntityOfPage\":{\"@id\":\"https:\\\/\\\/blog.sail.ca\\\/fr\\\/3-sacs-a-dos-pour-votre-voyage\\\/\"},\"wordCount\":6,\"publisher\":{\"@id\":\"https:\\\/\\\/blog.sail.ca\\\/fr\\\/#organization\"},\"image\":{\"@id\":\"https:\\\/\\\/blog.sail.ca\\\/fr\\\/3-sacs-a-dos-pour-votre-voyage\\\/#primaryimage\"},\"thumbnailUrl\":\"https:\\\/\\\/blog.sail.ca\\\/wp-content\\\/uploads\\\/2015\\\/08\\\/Blogue-sac-rando-1.png\",\"keywords\":[\"Camping\"],\"articleSection\":[\"Plein air\",\"Voyages\",\"Guides et destinations\",\"Sacs et transport\"],\"inLanguage\":\"fr-CA\"},{\"@type\":\"WebPage\",\"@id\":\"https:\\\/\\\/blog.sail.ca\\\/fr\\\/3-sacs-a-dos-pour-votre-voyage\\\/\",\"url\":\"https:\\\/\\\/blog.sail.ca\\\/fr\\\/3-sacs-a-dos-pour-votre-voyage\\\/\",\"name\":\"3 excellents sacs \u00e0 dos pour votre voyage | SAIL Blogue\",\"isPartOf\":{\"@id\":\"https:\\\/\\\/blog.sail.ca\\\/fr\\\/#website\"},\"primaryImageOfPage\":{\"@id\":\"https:\\\/\\\/blog.sail.ca\\\/fr\\\/3-sacs-a-dos-pour-votre-voyage\\\/#primaryimage\"},\"image\":{\"@id\":\"https:\\\/\\\/blog.sail.ca\\\/fr\\\/3-sacs-a-dos-pour-votre-voyage\\\/#primaryimage\"},\"thumbnailUrl\":\"https:\\\/\\\/blog.sail.ca\\\/wp-content\\\/uploads\\\/2015\\\/08\\\/Blogue-sac-rando-1.png\",\"datePublished\":\"2025-08-01T21:59:53+00:00\",\"dateModified\":\"2025-08-05T14:32:29+00:00\",\"description\":\"Vous planifiez une aventure mais ne savez pas quel sac \u00e0 dos emporter? Notre \u00e9quipe partage ses 3 meilleurs choix. Lisez l\u2019article pour d\u00e9couvrir nos conseils.\",\"breadcrumb\":{\"@id\":\"https:\\\/\\\/blog.sail.ca\\\/fr\\\/3-sacs-a-dos-pour-votre-voyage\\\/#breadcrumb\"},\"inLanguage\":\"fr-CA\",\"potentialAction\":[{\"@type\":\"ReadAction\",\"target\":[\"https:\\\/\\\/blog.sail.ca\\\/fr\\\/3-sacs-a-dos-pour-votre-voyage\\\/\"]}]},{\"@type\":\"ImageObject\",\"inLanguage\":\"fr-CA\",\"@id\":\"https:\\\/\\\/blog.sail.ca\\\/fr\\\/3-sacs-a-dos-pour-votre-voyage\\\/#primaryimage\",\"url\":\"https:\\\/\\\/blog.sail.ca\\\/wp-content\\\/uploads\\\/2015\\\/08\\\/Blogue-sac-rando-1.png\",\"contentUrl\":\"https:\\\/\\\/blog.sail.ca\\\/wp-content\\\/uploads\\\/2015\\\/08\\\/Blogue-sac-rando-1.png\",\"width\":1080,\"height\":720},{\"@type\":\"BreadcrumbList\",\"@id\":\"https:\\\/\\\/blog.sail.ca\\\/fr\\\/3-sacs-a-dos-pour-votre-voyage\\\/#breadcrumb\",\"itemListElement\":[{\"@type\":\"ListItem\",\"position\":1,\"name\":\"Accueil\",\"item\":\"https:\\\/\\\/blog.sail.ca\\\/fr\\\/\"},{\"@type\":\"ListItem\",\"position\":2,\"name\":\"Plein air\",\"item\":\"https:\\\/\\\/blog.sail.ca\\\/outdoor-activities\\\/\"},{\"@type\":\"ListItem\",\"position\":3,\"name\":\"Sacs et transport\",\"item\":\"https:\\\/\\\/blog.sail.ca\\\/fr\\\/plein-air\\\/sacs-transport\\\/\"},{\"@type\":\"ListItem\",\"position\":4,\"name\":\"3 excellents sacs \u00e0 dos pour votre voyage\"}]},{\"@type\":\"WebSite\",\"@id\":\"https:\\\/\\\/blog.sail.ca\\\/fr\\\/#website\",\"url\":\"https:\\\/\\\/blog.sail.ca\\\/fr\\\/\",\"name\":\"SAIL Blogue\",\"description\":\"Blogue SAIL\",\"publisher\":{\"@id\":\"https:\\\/\\\/blog.sail.ca\\\/fr\\\/#organization\"},\"potentialAction\":[{\"@type\":\"SearchAction\",\"target\":{\"@type\":\"EntryPoint\",\"urlTemplate\":\"https:\\\/\\\/blog.sail.ca\\\/fr\\\/?s={search_term_string}\"},\"query-input\":{\"@type\":\"PropertyValueSpecification\",\"valueRequired\":true,\"valueName\":\"search_term_string\"}}],\"inLanguage\":\"fr-CA\"},{\"@type\":\"Organization\",\"@id\":\"https:\\\/\\\/blog.sail.ca\\\/fr\\\/#organization\",\"name\":\"SAIL\",\"url\":\"https:\\\/\\\/blog.sail.ca\\\/fr\\\/\",\"logo\":{\"@type\":\"ImageObject\",\"inLanguage\":\"fr-CA\",\"@id\":\"https:\\\/\\\/blog.sail.ca\\\/fr\\\/#\\\/schema\\\/logo\\\/image\\\/\",\"url\":\"https:\\\/\\\/blog.sail.ca\\\/app\\\/uploads\\\/2022\\\/06\\\/sail-default-og.png\",\"contentUrl\":\"https:\\\/\\\/blog.sail.ca\\\/app\\\/uploads\\\/2022\\\/06\\\/sail-default-og.png\",\"width\":1200,\"height\":630,\"caption\":\"SAIL\"},\"image\":{\"@id\":\"https:\\\/\\\/blog.sail.ca\\\/fr\\\/#\\\/schema\\\/logo\\\/image\\\/\"},\"sameAs\":[\"https:\\\/\\\/www.facebook.com\\\/SAILpleinairoutdoors\",\"https:\\\/\\\/www.instagram.com\\\/sailpleinairoutdoors\\\/\",\"https:\\\/\\\/www.linkedin.com\\\/company\\\/sailpleinairoutdoors?original_referer=httpswww.sail.ca\\\/blog\",\"https:\\\/\\\/www.youtube.com\\\/sailpleinairoutdoors\",\"https:\\\/\\\/www.tiktok.com\\\/sailpleinairoutdoors\",\"https:\\\/\\\/www.pinterest.com\\\/sailpleinairoutdoors\\\/\"]},{\"@type\":\"Person\",\"@id\":\"https:\\\/\\\/blog.sail.ca\\\/fr\\\/#\\\/schema\\\/person\\\/17d7388fba7f01faf2e9dfd645f57f9b\",\"name\":\"SAIL\",\"image\":{\"@type\":\"ImageObject\",\"inLanguage\":\"fr-CA\",\"@id\":\"https:\\\/\\\/secure.gravatar.com\\\/avatar\\\/555e9a08f123ac4486c2b7ec44d2de6ea847471983d99d7fc537ae551042e484?s=96&d=mm&r=g\",\"url\":\"https:\\\/\\\/secure.gravatar.com\\\/avatar\\\/555e9a08f123ac4486c2b7ec44d2de6ea847471983d99d7fc537ae551042e484?s=96&d=mm&r=g\",\"contentUrl\":\"https:\\\/\\\/secure.gravatar.com\\\/avatar\\\/555e9a08f123ac4486c2b7ec44d2de6ea847471983d99d7fc537ae551042e484?s=96&d=mm&r=g\",\"caption\":\"SAIL\"}}]}<\/script>\n<!-- \/ Yoast SEO Premium plugin. -->","yoast_head_json":{"title":"3 excellents sacs \u00e0 dos pour votre voyage | SAIL Blogue","description":"Vous planifiez une aventure mais ne savez pas quel sac \u00e0 dos emporter? Notre \u00e9quipe partage ses 3 meilleurs choix. Lisez l\u2019article pour d\u00e9couvrir nos conseils.","robots":{"index":"noindex","follow":"follow","max-snippet":"max-snippet:-1","max-image-preview":"max-image-preview:large","max-video-preview":"max-video-preview:-1"},"og_locale":"fr_CA","og_type":"article","og_title":"3 excellents sacs \u00e0 dos pour votre voyage","og_description":"Vous planifiez une aventure mais ne savez pas quel sac \u00e0 dos emporter? Notre \u00e9quipe partage ses 3 meilleurs choix. Lisez l\u2019article pour d\u00e9couvrir nos conseils.","og_url":"https:\/\/blog.sail.ca\/fr\/3-sacs-a-dos-pour-votre-voyage\/","og_site_name":"SAIL Blogue","article_publisher":"https:\/\/www.facebook.com\/SAILpleinairoutdoors","article_published_time":"2025-08-01T21:59:53+00:00","article_modified_time":"2025-08-05T14:32:29+00:00","og_image":[{"width":1080,"height":720,"url":"https:\/\/blog.sail.ca\/wp-content\/uploads\/2015\/08\/Blogue-sac-rando-1.png","type":"image\/png"}],"author":"SAIL","twitter_card":"summary_large_image","twitter_misc":{"Written by":"SAIL","Est. reading time":"6 minutes"},"schema":{"@context":"https:\/\/schema.org","@graph":[{"@type":"Article","@id":"https:\/\/blog.sail.ca\/fr\/3-sacs-a-dos-pour-votre-voyage\/#article","isPartOf":{"@id":"https:\/\/blog.sail.ca\/fr\/3-sacs-a-dos-pour-votre-voyage\/"},"author":{"name":"SAIL","@id":"https:\/\/blog.sail.ca\/fr\/#\/schema\/person\/17d7388fba7f01faf2e9dfd645f57f9b"},"headline":"3 excellents sacs \u00e0 dos pour votre voyage","datePublished":"2025-08-01T21:59:53+00:00","dateModified":"2025-08-05T14:32:29+00:00","mainEntityOfPage":{"@id":"https:\/\/blog.sail.ca\/fr\/3-sacs-a-dos-pour-votre-voyage\/"},"wordCount":6,"publisher":{"@id":"https:\/\/blog.sail.ca\/fr\/#organization"},"image":{"@id":"https:\/\/blog.sail.ca\/fr\/3-sacs-a-dos-pour-votre-voyage\/#primaryimage"},"thumbnailUrl":"https:\/\/blog.sail.ca\/wp-content\/uploads\/2015\/08\/Blogue-sac-rando-1.png","keywords":["Camping"],"articleSection":["Plein air","Voyages","Guides et destinations","Sacs et transport"],"inLanguage":"fr-CA"},{"@type":"WebPage","@id":"https:\/\/blog.sail.ca\/fr\/3-sacs-a-dos-pour-votre-voyage\/","url":"https:\/\/blog.sail.ca\/fr\/3-sacs-a-dos-pour-votre-voyage\/","name":"3 excellents sacs \u00e0 dos pour votre voyage | SAIL Blogue","isPartOf":{"@id":"https:\/\/blog.sail.ca\/fr\/#website"},"primaryImageOfPage":{"@id":"https:\/\/blog.sail.ca\/fr\/3-sacs-a-dos-pour-votre-voyage\/#primaryimage"},"image":{"@id":"https:\/\/blog.sail.ca\/fr\/3-sacs-a-dos-pour-votre-voyage\/#primaryimage"},"thumbnailUrl":"https:\/\/blog.sail.ca\/wp-content\/uploads\/2015\/08\/Blogue-sac-rando-1.png","datePublished":"2025-08-01T21:59:53+00:00","dateModified":"2025-08-05T14:32:29+00:00","description":"Vous planifiez une aventure mais ne savez pas quel sac \u00e0 dos emporter? Notre \u00e9quipe partage ses 3 meilleurs choix. Lisez l\u2019article pour d\u00e9couvrir nos conseils.","breadcrumb":{"@id":"https:\/\/blog.sail.ca\/fr\/3-sacs-a-dos-pour-votre-voyage\/#breadcrumb"},"inLanguage":"fr-CA","potentialAction":[{"@type":"ReadAction","target":["https:\/\/blog.sail.ca\/fr\/3-sacs-a-dos-pour-votre-voyage\/"]}]},{"@type":"ImageObject","inLanguage":"fr-CA","@id":"https:\/\/blog.sail.ca\/fr\/3-sacs-a-dos-pour-votre-voyage\/#primaryimage","url":"https:\/\/blog.sail.ca\/wp-content\/uploads\/2015\/08\/Blogue-sac-rando-1.png","contentUrl":"https:\/\/blog.sail.ca\/wp-content\/uploads\/2015\/08\/Blogue-sac-rando-1.png","width":1080,"height":720},{"@type":"BreadcrumbList","@id":"https:\/\/blog.sail.ca\/fr\/3-sacs-a-dos-pour-votre-voyage\/#breadcrumb","itemListElement":[{"@type":"ListItem","position":1,"name":"Accueil","item":"https:\/\/blog.sail.ca\/fr\/"},{"@type":"ListItem","position":2,"name":"Plein air","item":"https:\/\/blog.sail.ca\/outdoor-activities\/"},{"@type":"ListItem","position":3,"name":"Sacs et transport","item":"https:\/\/blog.sail.ca\/fr\/plein-air\/sacs-transport\/"},{"@type":"ListItem","position":4,"name":"3 excellents sacs \u00e0 dos pour votre voyage"}]},{"@type":"WebSite","@id":"https:\/\/blog.sail.ca\/fr\/#website","url":"https:\/\/blog.sail.ca\/fr\/","name":"SAIL Blogue","description":"Blogue SAIL","publisher":{"@id":"https:\/\/blog.sail.ca\/fr\/#organization"},"potentialAction":[{"@type":"SearchAction","target":{"@type":"EntryPoint","urlTemplate":"https:\/\/blog.sail.ca\/fr\/?s={search_term_string}"},"query-input":{"@type":"PropertyValueSpecification","valueRequired":true,"valueName":"search_term_string"}}],"inLanguage":"fr-CA"},{"@type":"Organization","@id":"https:\/\/blog.sail.ca\/fr\/#organization","name":"SAIL","url":"https:\/\/blog.sail.ca\/fr\/","logo":{"@type":"ImageObject","inLanguage":"fr-CA","@id":"https:\/\/blog.sail.ca\/fr\/#\/schema\/logo\/image\/","url":"https:\/\/blog.sail.ca\/app\/uploads\/2022\/06\/sail-default-og.png","contentUrl":"https:\/\/blog.sail.ca\/app\/uploads\/2022\/06\/sail-default-og.png","width":1200,"height":630,"caption":"SAIL"},"image":{"@id":"https:\/\/blog.sail.ca\/fr\/#\/schema\/logo\/image\/"},"sameAs":["https:\/\/www.facebook.com\/SAILpleinairoutdoors","https:\/\/www.instagram.com\/sailpleinairoutdoors\/","https:\/\/www.linkedin.com\/company\/sailpleinairoutdoors?original_referer=httpswww.sail.ca\/blog","https:\/\/www.youtube.com\/sailpleinairoutdoors","https:\/\/www.tiktok.com\/sailpleinairoutdoors","https:\/\/www.pinterest.com\/sailpleinairoutdoors\/"]},{"@type":"Person","@id":"https:\/\/blog.sail.ca\/fr\/#\/schema\/person\/17d7388fba7f01faf2e9dfd645f57f9b","name":"SAIL","image":{"@type":"ImageObject","inLanguage":"fr-CA","@id":"https:\/\/secure.gravatar.com\/avatar\/555e9a08f123ac4486c2b7ec44d2de6ea847471983d99d7fc537ae551042e484?s=96&d=mm&r=g","url":"https:\/\/secure.gravatar.com\/avatar\/555e9a08f123ac4486c2b7ec44d2de6ea847471983d99d7fc537ae551042e484?s=96&d=mm&r=g","contentUrl":"https:\/\/secure.gravatar.com\/avatar\/555e9a08f123ac4486c2b7ec44d2de6ea847471983d99d7fc537ae551042e484?s=96&d=mm&r=g","caption":"SAIL"}}]}},"_links":{"self":[{"href":"https:\/\/blog.sail.ca\/fr\/wp-json\/wp\/v2\/posts\/12474","targetHints":{"allow":["GET"]}}],"collection":[{"href":"https:\/\/blog.sail.ca\/fr\/wp-json\/wp\/v2\/posts"}],"about":[{"href":"https:\/\/blog.sail.ca\/fr\/wp-json\/wp\/v2\/types\/post"}],"author":[{"embeddable":true,"href":"https:\/\/blog.sail.ca\/fr\/wp-json\/wp\/v2\/users\/9"}],"replies":[{"embeddable":true,"href":"https:\/\/blog.sail.ca\/fr\/wp-json\/wp\/v2\/comments?post=12474"}],"version-history":[{"count":0,"href":"https:\/\/blog.sail.ca\/fr\/wp-json\/wp\/v2\/posts\/12474\/revisions"}],"wp:featuredmedia":[{"embeddable":true,"href":"https:\/\/blog.sail.ca\/fr\/wp-json\/wp\/v2\/media\/22042"}],"wp:attachment":[{"href":"https:\/\/blog.sail.ca\/fr\/wp-json\/wp\/v2\/media?parent=12474"}],"wp:term":[{"taxonomy":"category","embeddable":true,"href":"https:\/\/blog.sail.ca\/fr\/wp-json\/wp\/v2\/categories?post=12474"},{"taxonomy":"post_tag","embeddable":true,"href":"https:\/\/blog.sail.ca\/fr\/wp-json\/wp\/v2\/tags?post=12474"}],"curies":[{"name":"wp","href":"https:\/\/api.w.org\/{rel}","templated":true}]}}