{"id":15887,"date":"2025-07-19T10:08:37","date_gmt":"2025-07-19T15:08:37","guid":{"rendered":"https:\/\/sailbloguestg.wpenginepowered.com\/?p=15887"},"modified":"2025-07-23T09:48:05","modified_gmt":"2025-07-23T14:48:05","slug":"meilleurs-sacs-randonnee","status":"publish","type":"post","link":"https:\/\/blog.sail.ca\/fr\/meilleurs-sacs-randonnee\/","title":{"rendered":"Les 12 meilleurs sacs \u00e0 dos de randonn\u00e9e de 2025"},"content":{"rendered":"","protected":false},"excerpt":{"rendered":"","protected":false},"author":9,"featured_media":22010,"comment_status":"closed","ping_status":"open","sticky":false,"template":"","format":"standard","meta":{"_acf_changed":false,"footnotes":""},"categories":[62,63,64,163,161],"tags":[1397,1733,2112],"class_list":["post-15887","post","type-post","status-publish","format-standard","has-post-thumbnail","hentry","category-plein-air","category-randonnee","category-equipement","category-meilleures-marques","category-marques","tag-randonnee","tag-equipement-de-randonnee","tag-sacs-a-dos-de-randonnee"],"acf":{"post_flexible_content":[{"acf_fc_layout":"text_content","content_anchor":false,"anchor_link_text":"","text_content":"Nous connaissons tous l\u2019inconfort caus\u00e9 par des sangles qui s\u2019enfoncent dans les \u00e9paules ou la taille, ou le d\u00e9sordre d\u2019un sac mal organis\u00e9, sans poches ni compartiments. Cela est arriv\u00e9 \u00e0 beaucoup d\u2019entre nous, et personne ne souhaite revivre une telle exp\u00e9rience d\u00e9sagr\u00e9able! Pour votre prochaine sortie sur votre sentier de randonn\u00e9e pr\u00e9f\u00e9r\u00e9, que vous partiez en pleine nature ou en montagne, choisissez un sac \u00e0 dos adapt\u00e9 \u00e0 vos besoins et rendez votre randonn\u00e9e aussi confortable que possible!\r\n\r\nDans cet article, vous apprendrez tout ce qu\u2019il y a \u00e0 savoir sur les <a href=\"https:\/\/www.sail.ca\/fr\/plein-air\/sacs\">sacs \u00e0 dos de randonn\u00e9e<\/a> les plus populaires du march\u00e9, ainsi que sur les marques qui con\u00e7oivent ces accessoires indispensables. Nous vous donnerons \u00e9galement quelques conseils pour choisir le sac \u00e0 dos adapt\u00e9 \u00e0 vos besoins."},{"acf_fc_layout":"content_anchors_list","anchors_section_title":"D\u00c9COUVREZ LES MEILLEURS SACS \u00c0 DOS DE RANDONN\u00c9E DE 2025 :"},{"acf_fc_layout":"text_content","content_anchor":false,"anchor_link_text":"","text_content":"<p style=\"text-align: center;\"><span style=\"font-weight: 400;\">[stag_button url=\"https:\/\/www.sail.ca\/fr\/plein-air\/randonnee-pedestre\/sacs-de-randonnee\" style=\"black\" size=\"medium\" type=\"normal\" target=\"_blank\" icon=\"\" icon_order=\"before\"]Magasinez les sacs de randonn\u00e9e[\/stag_button]<\/span><\/p>\r\n<p style=\"text-align: center;\"><span style=\"font-weight: 400;\">[stag_button url=\"https:\/\/www.sail.ca\/fr\/plein-air\/randonnee-pedestre\" style=\"black\" size=\"medium\" type=\"normal\" target=\"_blank\" icon=\"\" icon_order=\"before\"]Magasinez votre \u00e9quipement de randonn\u00e9e[\/stag_button]<\/span><\/p>"},{"acf_fc_layout":"text_content","content_anchor":true,"anchor_link_text":"Osprey","text_content":"<h2>Les meilleurs sacs \u00e0 dos de randonn\u00e9e d\u2019Osprey<\/h2>\r\nLes d\u00e9buts modestes d\u2019<a href=\"https:\/\/www.sail.ca\/fr\/osprey\">Osprey<\/a> sont inspirants. La marque, sp\u00e9cialis\u00e9e exclusivement dans les sacs \u00e0 dos et les sacs de voyage, a \u00e9t\u00e9 fond\u00e9e par un jeune homme ambitieux de 16 ans qui a cousu son premier sac \u00e0 dos \u00e0 la main. Aujourd\u2019hui, les produits de l\u2019entreprise sont bien connus dans l\u2019industrie du plein air et peuvent \u00eatre aper\u00e7us partout, du sommet de l\u2019Everest au c\u0153ur de la for\u00eat amazonienne. La gamme d\u2019Osprey est assez compl\u00e8te, mais un outil de recherche de sac tr\u00e8s pratique est disponible sur son site pour vous aider \u00e0 choisir celui qui vous convient le mieux.\r\n<h3>Le Talon<\/h3>\r\n<img class=\"aligncenter wp-image-21998 size-full\" src=\"https:\/\/blog.sail.ca\/app\/uploads\/2024\/06\/Talon-22-L.png\" alt=\"Talon\" width=\"1080\" height=\"720\" \/>\r\n\r\nLe sac \u00e0 dos de randonn\u00e9e <a href=\"https:\/\/www.sail.ca\/fr\/osprey-sac-a-dos-talon-22-l-407731\">Talon<\/a> de 22 L, 30 L ou 40 L est fabriqu\u00e9 en nylon certifi\u00e9 bluesign\u00ae, un organisme de certification en mati\u00e8re de durabilit\u00e9, et il est tr\u00e8s l\u00e9ger. Sa ceinture flexible, son panneau dorsal respirant AirScape\u00ae et son harnais qui permet de bien aligner le bas du dos en font un sac id\u00e9al pour toute activit\u00e9 sportive, pas seulement pour la randonn\u00e9e. Gr\u00e2ce \u00e0 son syst\u00e8me de harnais ajustable, il reste toujours confortable et pr\u00e9serve la libert\u00e9 de mouvement. Le poids du sac varie entre 0,95 kg (2,09 lb) et 1,21 kg (2,67 lb), selon le mod\u00e8le.\r\nVous pouvez \u00e9galement opter pour la version sac de randonn\u00e9e \u00e0 la journ\u00e9e ou sac d\u2019exp\u00e9dition du mod\u00e8le Osprey Talon.\r\n<h3>Le Tempest<\/h3>\r\n<img class=\"aligncenter wp-image-21999 size-full\" src=\"https:\/\/blog.sail.ca\/app\/uploads\/2024\/06\/Tempest-22-L.png\" alt=\"Tempest\" width=\"1080\" height=\"720\" \/>\r\n\r\nLes versions 22 L et 30 L du sac \u00e0 dos de randonn\u00e9e <a href=\"https:\/\/www.sail.ca\/en\/osprey-tempest-22-l-hiking-backpack-women-s-1436878\">Tempest<\/a> disposent d\u2019une large ouverture sur le dessus et sont extr\u00eamement respirantes gr\u00e2ce au panneau dorsal AirScape\u00ae. Ce sac est fabriqu\u00e9 en nylon recycl\u00e9 \u00e0 haute t\u00e9nacit\u00e9 avec un rev\u00eatement d\u00e9perlant durable sans PFC certifi\u00e9 bluesign\u00ae.\r\nUne poche pour r\u00e9servoir d\u2019hydratation, des poches sur la ceinture, une grande poche frontale en maille extensible ainsi que des attaches pour piolets et b\u00e2tons de randonn\u00e9e permettent d\u2019emporter tout ce dont vous avez besoin. Le mod\u00e8le 22 L p\u00e8se environ 900 g et peut transporter entre 5 kg et 8 kg, tandis que le mod\u00e8le 30 L p\u00e8se environ 1,1 kg et peut porter entre 6 kg et 10 kg.\r\nLe mod\u00e8le 20 L, offert en gris, noir ou violet, est parfait pour les courtes randonn\u00e9es, tandis que le Tempest 40 L est id\u00e9al pour les randonn\u00e9es de plusieurs jours.\r\n<h3>Le Stratos<\/h3>\r\n<img class=\"aligncenter wp-image-22000 size-full\" src=\"https:\/\/blog.sail.ca\/app\/uploads\/2024\/06\/Stratos-44-L.png\" alt=\"Stratos\" width=\"1080\" height=\"720\" \/>\r\n\r\nCe mod\u00e8le d'Osprey est offert en version sac de jour de 34 L, en 36 L, en sac d\u2019exp\u00e9dition de 44 L, ainsi qu\u2019en sac compact de 24 L con\u00e7u pour les randonn\u00e9es courtes. Il est fabriqu\u00e9 selon les m\u00eames normes de durabilit\u00e9 que ses homologues : mat\u00e9riaux 100 % recycl\u00e9s, traitement d\u00e9perlant durable sans PFC\/SPFA et mat\u00e9riaux certifi\u00e9s bluesign\u00ae. Le <a href=\"https:\/\/www.sail.ca\/fr\/osprey-sac-a-dos-d-expedition-stratos-44-l-814137\">Stratos<\/a> est con\u00e7u pour offrir un acc\u00e8s facile et une organisation optimale de votre \u00e9quipement, afin que vous n\u2019ayez pas \u00e0 fouiller dans votre sac chaque fois que vous voulez ajouter une couche. Le syst\u00e8me de suspension AirSpeed\u00ae est \u00e9galement utilis\u00e9, offrant un port l\u00e9ger et ventil\u00e9. Un sac durable, polyvalent et intelligemment con\u00e7u."},{"acf_fc_layout":"text_content","content_anchor":true,"anchor_link_text":"Deuter","text_content":"<h2>Les meilleurs sacs \u00e0 dos de randonn\u00e9e de Deuter<\/h2>\r\n\u00c0 la recherche d\u2019un sac \u00e0 dos de randonn\u00e9e? Vous tomberez forc\u00e9ment sur les produits de <a href=\"https:\/\/www.sail.ca\/fr\/deuter\">Deuter<\/a>. Cette marque allemande sp\u00e9cialis\u00e9e dans le plein air est l\u2019une des plus anciennes et un leader dans la fabrication de sacs \u00e0 dos, sacs de couchage et autres bagages. Perfectionn\u00e9s depuis plus de 110 ans, ses produits int\u00e8grent un syst\u00e8me de ventilation performant sans cr\u00e9er un trop grand espace entre le sac et son porteur. Le r\u00e9sultat? Une gamme de sacs bien \u00e9quilibr\u00e9s, bien ventil\u00e9s, qui restent confortables sur vos \u00e9paules, peu importe la dur\u00e9e de la randonn\u00e9e.\r\n<h3>Le Speed Lite<img class=\"aligncenter wp-image-22002 size-full\" src=\"https:\/\/blog.sail.ca\/app\/uploads\/2024\/06\/Speed-Lite-17-L.png\" alt=\"Speed Lite\" width=\"1080\" height=\"720\" \/><\/h3>\r\nTous les mod\u00e8les de la gamme <a href=\"https:\/\/www.sail.ca\/fr\/deuter-sac-a-dos-de-randonnee-speed-lite-17-l-820726\">Speed Lite<\/a> sont con\u00e7us pour vous accompagner sur la distance. Offerts en formats de 17 L, 23 L et 25 L, ces sacs sont pens\u00e9s pour la performance. Optez pour un mod\u00e8le plus grand afin de rester \u00e0 l\u2019aise lors de longues randonn\u00e9es, gr\u00e2ce \u00e0 la ceinture rembourr\u00e9e, \u00e0 la structure de soutien et aux poches intelligemment plac\u00e9es qui permettent d\u2019acc\u00e9der facilement \u00e0 votre \u00e9quipement en chemin. Vous partez l\u00e9ger et \u00e0 bon rythme? Le plus petit mod\u00e8le est parfait pour des sorties rapides, avec un poids plume qui ne vous ralentira pas.\r\n<h3>Le Futura<\/h3>\r\n<img class=\"aligncenter wp-image-22003 size-full\" src=\"https:\/\/blog.sail.ca\/app\/uploads\/2024\/06\/Futura-26-L-1.png\" alt=\"Futura\" width=\"1080\" height=\"720\" \/>\r\n\r\nVotre randonn\u00e9e sera assur\u00e9ment confortable gr\u00e2ce aux nombreuses options de r\u00e9glage des sacs \u00e0 dos <a href=\"https:\/\/www.sail.ca\/fr\/deuter-sac-a-dos-de-randonnee-futura-26-l-744577\">Futura 26 L<\/a>. La longueur du dos s\u2019adapte \u00e0 votre morphologie gr\u00e2ce au syst\u00e8me VariFlex, aux sangles ajustables, au harnais d\u2019\u00e9paules mobile ActiveFit et aux ailettes de hanches ergonomiques.\r\nLe compartiment inf\u00e9rieur s\u00e9par\u00e9 permet de ranger facilement votre \u00e9quipement de randonn\u00e9e, et la housse imperm\u00e9able garde vos v\u00eatements au sec. Le poids total des sacs Futura varie entre 1,44 kg (3,17 lb) et 1,56 kg (3,44 lb).\r\n<h3>Le Futura Pro<\/h3>\r\n<img class=\"aligncenter wp-image-22004 size-full\" src=\"https:\/\/blog.sail.ca\/app\/uploads\/2024\/06\/Futura-Pro-34-L.png\" alt=\"Futura Pro\" width=\"1080\" height=\"720\" \/>\r\n\r\nVous cherchez ces petits d\u00e9tails qui rendent la randonn\u00e9e plus agr\u00e9able? Les mod\u00e8les <a href=\"https:\/\/www.sail.ca\/fr\/deuter-sac-a-dos-de-randonnee-futura-pro-34-l-sl-femme-744591\">Futura Pro 34 L<\/a> et <a href=\"https:\/\/www.sail.ca\/fr\/deuter-sac-a-dos-de-randonnee-futura-pro-36-l-744595\">36 L<\/a> les poss\u00e8dent tous. Con\u00e7us pour les exp\u00e9ditions de plusieurs jours, ces sacs offrent une coupe ergonomique avec des inserts rembourr\u00e9s, une excellente ventilation dorsale, et des compartiments intelligents pour garder votre \u00e9quipement bien organis\u00e9. Vous trouverez \u00e9galement une housse de pluie, de nombreuses boucles, sangles et poches pratiques \u2014 et m\u00eame une attache pour piolet, pour les aventuriers de l\u2019hiver!"},{"acf_fc_layout":"text_content","content_anchor":true,"anchor_link_text":"Gregory","text_content":"<h2>Les meilleurs sacs \u00e0 dos de randonn\u00e9e de Gregory<\/h2>\r\nLa marque am\u00e9ricaine <a href=\"https:\/\/www.sail.ca\/fr\/gregory\">Gregory<\/a> fabrique des sacs \u00e0 dos l\u00e9gers et durables depuis pr\u00e8s de 50 ans. Sa mission : cr\u00e9er des produits bien con\u00e7us et fiables \u2014 et on peut dire que c\u2019est mission accomplie. Ses sacs de randonn\u00e9e, plut\u00f4t minimalistes en termes de fonctionnalit\u00e9s et d'accessoires, sont reconnus dans le monde entier pour leur confort exceptionnel. Rendez-vous sur leur site web pour d\u00e9couvrir de nombreux conseils sur le choix de la taille et l\u2019ajustement de votre sac.\r\n<h3>Le Nano<\/h3>\r\n<img class=\"aligncenter wp-image-22005 size-full\" src=\"https:\/\/blog.sail.ca\/app\/uploads\/2024\/06\/Nano-18-L.png\" alt=\"Nano\" width=\"1080\" height=\"720\" \/>\r\n\r\nVous cherchez un sac de jour minimaliste mais fiable? Faites confiance aux experts de SAIL. Le mod\u00e8le <a href=\"https:\/\/www.sail.ca\/fr\/gregory-sac-a-dos-de-randonnee-nano-18-l-1443446\">Nano<\/a> a \u00e9t\u00e9 test\u00e9 et approuv\u00e9 par nos conseillers en magasin, qui le recommandent vivement. L\u00e9ger mais bien \u00e9quip\u00e9, il comprend tous les essentiels : une poche pour r\u00e9servoir d\u2019hydratation avec passants sur les bretelles, des poches lat\u00e9rales extensibles pour bouteilles d\u2019eau, des boucles r\u00e9fl\u00e9chissantes et un harnais d\u2019\u00e9paules rembourr\u00e9 en maille a\u00e9r\u00e9e. Une valeur s\u00fbre pour profiter pleinement de chaque randonn\u00e9e, sans que votre sac vous ralentisse.\r\n<h3>Le Miko et le Maya<\/h3>\r\n<img class=\"aligncenter wp-image-22006 size-full\" src=\"https:\/\/blog.sail.ca\/app\/uploads\/2024\/06\/Miko-et-Maya.png\" alt=\"Miko et Maya\" width=\"1080\" height=\"720\" \/>\r\n\r\nBien que le <a href=\"https:\/\/www.sail.ca\/fr\/gregory-sac-a-dos-de-randonnee-miko-15-l-1053761-22-032760001\">Miko<\/a> et le <a href=\"https:\/\/www.sail.ca\/fr\/gregory-sac-a-dos-de-randonnee-maya-15-l-femme-1053757-22-032740001\">Maya<\/a> soient tous deux des sacs \u00e0 dos de randonn\u00e9e compacts et robustes de 15 L, le mod\u00e8le Maya est sp\u00e9cialement con\u00e7u pour les femmes. En dehors de cette diff\u00e9rence essentielle, les deux mod\u00e8les poss\u00e8dent un panneau dorsal ventil\u00e9 pour vous garder au frais lors des randonn\u00e9es intenses, ainsi qu\u2019une ceinture et un harnais d\u2019\u00e9paules BioSync flexibles qui accompagnent naturellement les mouvements du corps. Le rabat sup\u00e9rieur comprend des poches \u00e0 acc\u00e8s rapide pour vos essentiels, et le tissu en nylon r\u00e9sistant rend ces sacs parfaitement adapt\u00e9s aux terrains accident\u00e9s."},{"acf_fc_layout":"text_content","content_anchor":true,"anchor_link_text":"RAB","text_content":"<h2>Les meilleurs sacs de randonn\u00e9e de RAB<\/h2>\r\nN\u00e9e au Royaume-Uni dans les ann\u00e9es 1980, la marque <a href=\"https:\/\/www.sail.ca\/fr\/rab\">RAB<\/a> est sp\u00e9cialis\u00e9e dans les v\u00eatements de plein air, mais propose aussi des sacs de couchage, des abris et des sacs de randonn\u00e9e. Accordant une grande importance \u00e0 la durabilit\u00e9, elle partage sur son site des conseils d\u2019entretien et de r\u00e9paration pour prolonger la dur\u00e9e de vie de ses produits. N\u2019h\u00e9sitez pas \u00e0 y jeter un \u0153il pour en savoir plus sur la fa\u00e7on de faire durer votre \u00e9quipement.\r\n<h3>Le Aeon<\/h3>\r\n<img class=\"aligncenter wp-image-22007 size-full\" src=\"https:\/\/blog.sail.ca\/app\/uploads\/2024\/06\/Aeon-35-L.png\" alt=\"Aeon \" width=\"1080\" height=\"720\" \/>\r\n\r\nLa gamme <a href=\"https:\/\/www.sail.ca\/fr\/rab-sac-a-dos-d-expedition-aeon-35-l-1271196-23-029910001\">Aeon<\/a> est particuli\u00e8rement compl\u00e8te. Elle comprend des sacs de jour, des sacs \u00e0 dos l\u00e9gers, et m\u00eame une ceinture porte-gourde, tous disponibles en diff\u00e9rentes capacit\u00e9s. Le mod\u00e8le exp\u00e9dition de 35 L poss\u00e8de tout ce dont vous avez besoin pour une randonn\u00e9e avec nuit\u00e9e : compartiments ext\u00e9rieurs \u00e0 acc\u00e8s facile, housse de pluie, ajustement personnalisable et ouverture principale par le haut. Son syst\u00e8me dorsal s\u2019adapte \u00e0 vos mouvements pour un confort optimal tout au long de la journ\u00e9e."},{"acf_fc_layout":"text_content","content_anchor":true,"anchor_link_text":"Mammut","text_content":"<h2>Les meilleurs sacs de randonn\u00e9e de Mammut<\/h2>\r\n<a href=\"https:\/\/www.sail.ca\/fr\/mammut\">Mammut<\/a> est avant tout une marque d\u2019alpinisme, qui propose \u00e9galement du mat\u00e9riel de randonn\u00e9e, d\u2019escalade et de \u00ab trail \u00bb pour aventuriers de tous niveaux. Son expertise en montagne est reconnue \u00e0 l\u2019\u00e9chelle mondiale, et sa mission est d\u2019aider chacun \u00e0 repousser ses limites. \u00c0 ce titre, elle con\u00e7oit des \u00e9quipements de haute performance, toutes saisons confondues, y compris des sacs de randonn\u00e9e pour hommes et pour femmes.\r\n<h3>Le Lithium<\/h3>\r\n<img class=\"aligncenter wp-image-22008 size-full\" src=\"https:\/\/blog.sail.ca\/app\/uploads\/2024\/06\/Lithium-40-L.png\" alt=\"Lithium\" width=\"1080\" height=\"720\" \/>\r\n\r\nIl n\u2019y a rien que le sac de randonn\u00e9e <a href=\"https:\/\/www.sail.ca\/fr\/mammut-sac-a-dos-lithium-40-l-1446452-24-040170001\">Lithium<\/a> ne puisse affronter. Les mod\u00e8les 40 L et 50 L sont con\u00e7us pour les aventures les plus exigeantes et optimis\u00e9s en cons\u00e9quence. Fabriqu\u00e9 avec des mat\u00e9riaux d\u00e9perlants, ce sac s\u2019adapte aux besoins et \u00e0 la morphologie du porteur. La housse de pluie est optionnelle, et le compartiment inf\u00e9rieur peut \u00eatre retir\u00e9. Et pour l\u2019\u00e9quipement encombrant? Des attaches sp\u00e9ciales sont pr\u00e9vues pour les b\u00e2tons de marche et le piolet, et les sangles de compression permettent de transporter du mat\u00e9riel suppl\u00e9mentaire. Compatible avec les syst\u00e8mes d\u2019hydratation, le Lithium est pr\u00eat \u00e0 s\u2019adapter \u00e0 toutes les situations."},{"acf_fc_layout":"text_content","content_anchor":true,"anchor_link_text":"Vaude","text_content":"<h2>Les meilleurs sacs de randonn\u00e9e de Vaude<\/h2>\r\nLa marque europ\u00e9enne <a href=\"https:\/\/www.sail.ca\/fr\/vaude\">Vaude<\/a> fabrique certains des sacs de randonn\u00e9e les plus durables et \u00e9cologiques du march\u00e9, tout en accordant une grande importance \u00e0 l\u2019impact social de ses produits, qui sont tous 100 % climatiquement neutres. Vaude a \u00e9t\u00e9 l\u2019une des premi\u00e8res entreprises \u00e0 concevoir une collection enti\u00e8re certifi\u00e9e bluesign\u00ae, et sa gamme comprend des sacs \u00e0 dos pour la randonn\u00e9e, le trekking, les voyages et le cyclotourisme.\r\n<h3>Le Wizard<\/h3>\r\n<img class=\"aligncenter wp-image-22009 size-full\" src=\"https:\/\/blog.sail.ca\/app\/uploads\/2024\/06\/Wizard-18-4-L.png\" alt=\"Wizard\" width=\"1080\" height=\"720\" \/>\r\n\r\nAutre coup de c\u0153ur chez SAIL, le <a href=\"https:\/\/www.sail.ca\/fr\/vaude-sac-a-dos-de-randonnee-wizard-18-4-l-749201\">Wizard<\/a> pour la journ\u00e9e est un compagnon fiable aussi bien pour les ascensions exigeantes que pour les balades tranquilles. Le syst\u00e8me de suspension Aeroflex Control assure une bonne ventilation du dos, tandis que les bretelles ErgoShape permettent une libert\u00e9 de mouvement naturelle. Besoin de plus d\u2019espace? Une extension zipp\u00e9e offre un volume suppl\u00e9mentaire pour votre \u00e9quipement. Vous trouverez \u00e9galement un organisateur pratique dans le compartiment avant, ainsi que tous les \u00e9l\u00e9ments essentiels : poches lat\u00e9rales extensibles, fixation pour b\u00e2tons, ouverture pour syst\u00e8me d\u2019hydratation et housse de pluie. Pas \u00e9tonnant que nos experts en aient fait un choix de premier plan!"},{"acf_fc_layout":"faq_zone","content_anchor":true,"anchor_link_text":"FAQ - Quel sac de randonn\u00e9e choisir?","faq_title":"FAQ - Quel sac de randonn\u00e9e choisir?","faq_text_content":"Maintenant que vous connaissez les meilleurs sacs \u00e0 dos de randonn\u00e9e disponibles en magasin ou en ligne, vous vous demandez probablement quel mod\u00e8le vous conviendrait le mieux. Voici les principaux crit\u00e8res \u00e0 prendre en compte pour faire ce choix important en vue de vos prochaines sorties en plein air.","post_faq":[{"post_faq_question":"Quel sac \u00e0 dos de randonn\u00e9e choisir ?","post_faq_response":"Vous partez pour une randonn\u00e9e \u00e0 la journ\u00e9e? Un sac de moins de 30 L fera l\u2019affaire. Pour les randonn\u00e9es de plusieurs jours, vous aurez probablement besoin d\u2019un sac de 50 L ou 60 L, selon que vous \u00eates un randonneur minimaliste ou non. V\u00e9rifiez aussi l\u2019imperm\u00e9abilit\u00e9, l\u2019acc\u00e8s facile \u00e0 votre \u00e9quipement et l\u2019organisation interne du sac avant de faire votre choix. Le crit\u00e8re principal doit toutefois rester le confort. Rendez-vous en magasin pour essayer le sac, ajoutez un peu de poids \u00e0 l\u2019int\u00e9rieur et marchez quelques minutes pour vous assurer qu\u2019aucun point de pression ne g\u00eane.","post_faq_is_response_open":true},{"post_faq_question":"Quel est le sac \u00e0 dos de randonn\u00e9e le mieux not\u00e9?","post_faq_response":"Il existe une multitude de sacs \u00e0 dos de randonn\u00e9e, et votre choix final doit d\u00e9pendre de la taille dont vous avez besoin, de votre budget et du type d\u2019aventures que vous pr\u00e9voyez. Cela dit, certaines marques se distinguent par la qualit\u00e9, le confort et la durabilit\u00e9 de leurs sacs. Commencez vos recherches en jetant un \u0153il aux gammes propos\u00e9es par des marques comme Deuter, Osprey et Gregory.","post_faq_is_response_open":true},{"post_faq_question":"Comment choisir et remplir un sac \u00e0 dos de randonn\u00e9e ?","post_faq_response":"Plusieurs crit\u00e8res sont \u00e0 prendre en compte pour bien choisir un sac \u00e0 dos : la capacit\u00e9, le confort, l\u2019imperm\u00e9abilit\u00e9 et la respirabilit\u00e9. Au moment de le remplir, veillez \u00e0 bien r\u00e9partir le poids. Les objets les plus lourds doivent \u00eatre plac\u00e9s pr\u00e8s du dos, afin d\u2019\u00e9viter que le sac ne tire sur les \u00e9paules ou le cou.","post_faq_is_response_open":true}]}],"author_type":"wordpress","partnership_options":{"partnership_label":"","partner_logo":null,"partner_link":"","partnership_text":""},"override_related_posts":true,"related_posts":[12372],"right_cta_visibility":false,"sidebar_cta_content_override":false,"sidebar_cta_title":"","sidebar_cta_description":"","sidebar_cta_button":null},"yoast_head":"<!-- This site is optimized with the Yoast SEO Premium plugin v25.6 (Yoast SEO v27.3) - https:\/\/yoast.com\/product\/yoast-seo-premium-wordpress\/ -->\n<title>Les 12 meilleurs sacs \u00e0 dos de randonn\u00e9e de 2025 | SAIL Blogue<\/title>\n<meta name=\"description\" content=\"D\u00e9couvrez les meilleurs sacs de randonn\u00e9e de 2025 de marques comme Osprey, Deuter, Gregory et Vaude, con\u00e7us pour le confort, la durabilit\u00e9 et des aventures \u00e9piques.\" \/>\n<meta name=\"robots\" content=\"noindex, follow, max-snippet:-1, max-image-preview:large, max-video-preview:-1\" \/>\n<meta property=\"og:locale\" content=\"fr_CA\" \/>\n<meta property=\"og:type\" content=\"article\" \/>\n<meta property=\"og:title\" content=\"Meilleurs sacs de randonn\u00e9e : lequel choisir?\" \/>\n<meta property=\"og:description\" content=\"Trouvez votre prochain sac de randonn\u00e9e!\" \/>\n<meta property=\"og:url\" content=\"https:\/\/blog.sail.ca\/fr\/meilleurs-sacs-randonnee\/\" \/>\n<meta property=\"og:site_name\" content=\"SAIL Blogue\" \/>\n<meta property=\"article:publisher\" content=\"https:\/\/www.facebook.com\/SAILpleinairoutdoors\" \/>\n<meta property=\"article:published_time\" content=\"2025-07-19T15:08:37+00:00\" \/>\n<meta property=\"article:modified_time\" content=\"2025-07-23T14:48:05+00:00\" \/>\n<meta property=\"og:image\" content=\"https:\/\/blog.sail.ca\/wp-content\/uploads\/2023\/01\/meilleur_sac_de_randonnee.jpg\" \/>\n\t<meta property=\"og:image:width\" content=\"1080\" \/>\n\t<meta property=\"og:image:height\" content=\"720\" \/>\n\t<meta property=\"og:image:type\" content=\"image\/jpeg\" \/>\n<meta name=\"author\" content=\"SAIL\" \/>\n<meta name=\"twitter:card\" content=\"summary_large_image\" \/>\n<meta name=\"twitter:title\" content=\"Les 12 meilleurs sacs \u00e0 dos de randonn\u00e9e de 2025\" \/>\n<meta name=\"twitter:label1\" content=\"Written by\" \/>\n\t<meta name=\"twitter:data1\" content=\"SAIL\" \/>\n\t<meta name=\"twitter:label2\" content=\"Est. reading time\" \/>\n\t<meta name=\"twitter:data2\" content=\"12 minutes\" \/>\n<script type=\"application\/ld+json\" class=\"yoast-schema-graph\">{\"@context\":\"https:\\\/\\\/schema.org\",\"@graph\":[{\"@type\":\"Article\",\"@id\":\"https:\\\/\\\/blog.sail.ca\\\/fr\\\/meilleurs-sacs-randonnee\\\/#article\",\"isPartOf\":{\"@id\":\"https:\\\/\\\/blog.sail.ca\\\/fr\\\/meilleurs-sacs-randonnee\\\/\"},\"author\":{\"name\":\"SAIL\",\"@id\":\"https:\\\/\\\/blog.sail.ca\\\/fr\\\/#\\\/schema\\\/person\\\/17d7388fba7f01faf2e9dfd645f57f9b\"},\"headline\":\"Les 12 meilleurs sacs \u00e0 dos de randonn\u00e9e de 2025\",\"datePublished\":\"2025-07-19T15:08:37+00:00\",\"dateModified\":\"2025-07-23T14:48:05+00:00\",\"mainEntityOfPage\":{\"@id\":\"https:\\\/\\\/blog.sail.ca\\\/fr\\\/meilleurs-sacs-randonnee\\\/\"},\"wordCount\":8,\"publisher\":{\"@id\":\"https:\\\/\\\/blog.sail.ca\\\/fr\\\/#organization\"},\"image\":{\"@id\":\"https:\\\/\\\/blog.sail.ca\\\/fr\\\/meilleurs-sacs-randonnee\\\/#primaryimage\"},\"thumbnailUrl\":\"https:\\\/\\\/blog.sail.ca\\\/wp-content\\\/uploads\\\/2024\\\/06\\\/Comment-choisir-sac-rando.png\",\"keywords\":[\"Randonn\u00e9e\",\"\u00e9quipement de randonn\u00e9e\",\"Sacs \u00e0 dos de randonn\u00e9e\"],\"articleSection\":[\"Plein air\",\"Randonn\u00e9e\",\"\u00c9quipement\",\"Meilleures marques\",\"Marques\"],\"inLanguage\":\"fr-CA\"},{\"@type\":\"WebPage\",\"@id\":\"https:\\\/\\\/blog.sail.ca\\\/fr\\\/meilleurs-sacs-randonnee\\\/\",\"url\":\"https:\\\/\\\/blog.sail.ca\\\/fr\\\/meilleurs-sacs-randonnee\\\/\",\"name\":\"Les 12 meilleurs sacs \u00e0 dos de randonn\u00e9e de 2025 | SAIL Blogue\",\"isPartOf\":{\"@id\":\"https:\\\/\\\/blog.sail.ca\\\/fr\\\/#website\"},\"primaryImageOfPage\":{\"@id\":\"https:\\\/\\\/blog.sail.ca\\\/fr\\\/meilleurs-sacs-randonnee\\\/#primaryimage\"},\"image\":{\"@id\":\"https:\\\/\\\/blog.sail.ca\\\/fr\\\/meilleurs-sacs-randonnee\\\/#primaryimage\"},\"thumbnailUrl\":\"https:\\\/\\\/blog.sail.ca\\\/wp-content\\\/uploads\\\/2024\\\/06\\\/Comment-choisir-sac-rando.png\",\"datePublished\":\"2025-07-19T15:08:37+00:00\",\"dateModified\":\"2025-07-23T14:48:05+00:00\",\"description\":\"D\u00e9couvrez les meilleurs sacs de randonn\u00e9e de 2025 de marques comme Osprey, Deuter, Gregory et Vaude, con\u00e7us pour le confort, la durabilit\u00e9 et des aventures \u00e9piques.\",\"breadcrumb\":{\"@id\":\"https:\\\/\\\/blog.sail.ca\\\/fr\\\/meilleurs-sacs-randonnee\\\/#breadcrumb\"},\"inLanguage\":\"fr-CA\",\"potentialAction\":[{\"@type\":\"ReadAction\",\"target\":[\"https:\\\/\\\/blog.sail.ca\\\/fr\\\/meilleurs-sacs-randonnee\\\/\"]}]},{\"@type\":\"ImageObject\",\"inLanguage\":\"fr-CA\",\"@id\":\"https:\\\/\\\/blog.sail.ca\\\/fr\\\/meilleurs-sacs-randonnee\\\/#primaryimage\",\"url\":\"https:\\\/\\\/blog.sail.ca\\\/wp-content\\\/uploads\\\/2024\\\/06\\\/Comment-choisir-sac-rando.png\",\"contentUrl\":\"https:\\\/\\\/blog.sail.ca\\\/wp-content\\\/uploads\\\/2024\\\/06\\\/Comment-choisir-sac-rando.png\",\"width\":1080,\"height\":720},{\"@type\":\"BreadcrumbList\",\"@id\":\"https:\\\/\\\/blog.sail.ca\\\/fr\\\/meilleurs-sacs-randonnee\\\/#breadcrumb\",\"itemListElement\":[{\"@type\":\"ListItem\",\"position\":1,\"name\":\"Accueil\",\"item\":\"https:\\\/\\\/blog.sail.ca\\\/fr\\\/\"},{\"@type\":\"ListItem\",\"position\":2,\"name\":\"Plein air\",\"item\":\"https:\\\/\\\/blog.sail.ca\\\/outdoor-activities\\\/\"},{\"@type\":\"ListItem\",\"position\":3,\"name\":\"Randonn\u00e9e\",\"item\":\"https:\\\/\\\/blog.sail.ca\\\/outdoor-activities\\\/hiking\\\/\"},{\"@type\":\"ListItem\",\"position\":4,\"name\":\"\u00c9quipement\",\"item\":\"https:\\\/\\\/blog.sail.ca\\\/fr\\\/plein-air\\\/randonnee\\\/equipement\\\/\"},{\"@type\":\"ListItem\",\"position\":5,\"name\":\"Les 12 meilleurs sacs \u00e0 dos de randonn\u00e9e de 2025\"}]},{\"@type\":\"WebSite\",\"@id\":\"https:\\\/\\\/blog.sail.ca\\\/fr\\\/#website\",\"url\":\"https:\\\/\\\/blog.sail.ca\\\/fr\\\/\",\"name\":\"SAIL Blogue\",\"description\":\"Blogue SAIL\",\"publisher\":{\"@id\":\"https:\\\/\\\/blog.sail.ca\\\/fr\\\/#organization\"},\"potentialAction\":[{\"@type\":\"SearchAction\",\"target\":{\"@type\":\"EntryPoint\",\"urlTemplate\":\"https:\\\/\\\/blog.sail.ca\\\/fr\\\/?s={search_term_string}\"},\"query-input\":{\"@type\":\"PropertyValueSpecification\",\"valueRequired\":true,\"valueName\":\"search_term_string\"}}],\"inLanguage\":\"fr-CA\"},{\"@type\":\"Organization\",\"@id\":\"https:\\\/\\\/blog.sail.ca\\\/fr\\\/#organization\",\"name\":\"SAIL\",\"url\":\"https:\\\/\\\/blog.sail.ca\\\/fr\\\/\",\"logo\":{\"@type\":\"ImageObject\",\"inLanguage\":\"fr-CA\",\"@id\":\"https:\\\/\\\/blog.sail.ca\\\/fr\\\/#\\\/schema\\\/logo\\\/image\\\/\",\"url\":\"https:\\\/\\\/blog.sail.ca\\\/app\\\/uploads\\\/2022\\\/06\\\/sail-default-og.png\",\"contentUrl\":\"https:\\\/\\\/blog.sail.ca\\\/app\\\/uploads\\\/2022\\\/06\\\/sail-default-og.png\",\"width\":1200,\"height\":630,\"caption\":\"SAIL\"},\"image\":{\"@id\":\"https:\\\/\\\/blog.sail.ca\\\/fr\\\/#\\\/schema\\\/logo\\\/image\\\/\"},\"sameAs\":[\"https:\\\/\\\/www.facebook.com\\\/SAILpleinairoutdoors\",\"https:\\\/\\\/www.instagram.com\\\/sailpleinairoutdoors\\\/\",\"https:\\\/\\\/www.linkedin.com\\\/company\\\/sailpleinairoutdoors?original_referer=httpswww.sail.ca\\\/blog\",\"https:\\\/\\\/www.youtube.com\\\/sailpleinairoutdoors\",\"https:\\\/\\\/www.tiktok.com\\\/sailpleinairoutdoors\",\"https:\\\/\\\/www.pinterest.com\\\/sailpleinairoutdoors\\\/\"]},{\"@type\":\"Person\",\"@id\":\"https:\\\/\\\/blog.sail.ca\\\/fr\\\/#\\\/schema\\\/person\\\/17d7388fba7f01faf2e9dfd645f57f9b\",\"name\":\"SAIL\",\"image\":{\"@type\":\"ImageObject\",\"inLanguage\":\"fr-CA\",\"@id\":\"https:\\\/\\\/secure.gravatar.com\\\/avatar\\\/555e9a08f123ac4486c2b7ec44d2de6ea847471983d99d7fc537ae551042e484?s=96&d=mm&r=g\",\"url\":\"https:\\\/\\\/secure.gravatar.com\\\/avatar\\\/555e9a08f123ac4486c2b7ec44d2de6ea847471983d99d7fc537ae551042e484?s=96&d=mm&r=g\",\"contentUrl\":\"https:\\\/\\\/secure.gravatar.com\\\/avatar\\\/555e9a08f123ac4486c2b7ec44d2de6ea847471983d99d7fc537ae551042e484?s=96&d=mm&r=g\",\"caption\":\"SAIL\"}}]}<\/script>\n<!-- \/ Yoast SEO Premium plugin. -->","yoast_head_json":{"title":"Les 12 meilleurs sacs \u00e0 dos de randonn\u00e9e de 2025 | SAIL Blogue","description":"D\u00e9couvrez les meilleurs sacs de randonn\u00e9e de 2025 de marques comme Osprey, Deuter, Gregory et Vaude, con\u00e7us pour le confort, la durabilit\u00e9 et des aventures \u00e9piques.","robots":{"index":"noindex","follow":"follow","max-snippet":"max-snippet:-1","max-image-preview":"max-image-preview:large","max-video-preview":"max-video-preview:-1"},"og_locale":"fr_CA","og_type":"article","og_title":"Meilleurs sacs de randonn\u00e9e : lequel choisir?","og_description":"Trouvez votre prochain sac de randonn\u00e9e!","og_url":"https:\/\/blog.sail.ca\/fr\/meilleurs-sacs-randonnee\/","og_site_name":"SAIL Blogue","article_publisher":"https:\/\/www.facebook.com\/SAILpleinairoutdoors","article_published_time":"2025-07-19T15:08:37+00:00","article_modified_time":"2025-07-23T14:48:05+00:00","og_image":[{"width":1080,"height":720,"url":"https:\/\/blog.sail.ca\/wp-content\/uploads\/2023\/01\/meilleur_sac_de_randonnee.jpg","type":"image\/jpeg"}],"author":"SAIL","twitter_card":"summary_large_image","twitter_title":"Les 12 meilleurs sacs \u00e0 dos de randonn\u00e9e de 2025","twitter_misc":{"Written by":"SAIL","Est. reading time":"12 minutes"},"schema":{"@context":"https:\/\/schema.org","@graph":[{"@type":"Article","@id":"https:\/\/blog.sail.ca\/fr\/meilleurs-sacs-randonnee\/#article","isPartOf":{"@id":"https:\/\/blog.sail.ca\/fr\/meilleurs-sacs-randonnee\/"},"author":{"name":"SAIL","@id":"https:\/\/blog.sail.ca\/fr\/#\/schema\/person\/17d7388fba7f01faf2e9dfd645f57f9b"},"headline":"Les 12 meilleurs sacs \u00e0 dos de randonn\u00e9e de 2025","datePublished":"2025-07-19T15:08:37+00:00","dateModified":"2025-07-23T14:48:05+00:00","mainEntityOfPage":{"@id":"https:\/\/blog.sail.ca\/fr\/meilleurs-sacs-randonnee\/"},"wordCount":8,"publisher":{"@id":"https:\/\/blog.sail.ca\/fr\/#organization"},"image":{"@id":"https:\/\/blog.sail.ca\/fr\/meilleurs-sacs-randonnee\/#primaryimage"},"thumbnailUrl":"https:\/\/blog.sail.ca\/wp-content\/uploads\/2024\/06\/Comment-choisir-sac-rando.png","keywords":["Randonn\u00e9e","\u00e9quipement de randonn\u00e9e","Sacs \u00e0 dos de randonn\u00e9e"],"articleSection":["Plein air","Randonn\u00e9e","\u00c9quipement","Meilleures marques","Marques"],"inLanguage":"fr-CA"},{"@type":"WebPage","@id":"https:\/\/blog.sail.ca\/fr\/meilleurs-sacs-randonnee\/","url":"https:\/\/blog.sail.ca\/fr\/meilleurs-sacs-randonnee\/","name":"Les 12 meilleurs sacs \u00e0 dos de randonn\u00e9e de 2025 | SAIL Blogue","isPartOf":{"@id":"https:\/\/blog.sail.ca\/fr\/#website"},"primaryImageOfPage":{"@id":"https:\/\/blog.sail.ca\/fr\/meilleurs-sacs-randonnee\/#primaryimage"},"image":{"@id":"https:\/\/blog.sail.ca\/fr\/meilleurs-sacs-randonnee\/#primaryimage"},"thumbnailUrl":"https:\/\/blog.sail.ca\/wp-content\/uploads\/2024\/06\/Comment-choisir-sac-rando.png","datePublished":"2025-07-19T15:08:37+00:00","dateModified":"2025-07-23T14:48:05+00:00","description":"D\u00e9couvrez les meilleurs sacs de randonn\u00e9e de 2025 de marques comme Osprey, Deuter, Gregory et Vaude, con\u00e7us pour le confort, la durabilit\u00e9 et des aventures \u00e9piques.","breadcrumb":{"@id":"https:\/\/blog.sail.ca\/fr\/meilleurs-sacs-randonnee\/#breadcrumb"},"inLanguage":"fr-CA","potentialAction":[{"@type":"ReadAction","target":["https:\/\/blog.sail.ca\/fr\/meilleurs-sacs-randonnee\/"]}]},{"@type":"ImageObject","inLanguage":"fr-CA","@id":"https:\/\/blog.sail.ca\/fr\/meilleurs-sacs-randonnee\/#primaryimage","url":"https:\/\/blog.sail.ca\/wp-content\/uploads\/2024\/06\/Comment-choisir-sac-rando.png","contentUrl":"https:\/\/blog.sail.ca\/wp-content\/uploads\/2024\/06\/Comment-choisir-sac-rando.png","width":1080,"height":720},{"@type":"BreadcrumbList","@id":"https:\/\/blog.sail.ca\/fr\/meilleurs-sacs-randonnee\/#breadcrumb","itemListElement":[{"@type":"ListItem","position":1,"name":"Accueil","item":"https:\/\/blog.sail.ca\/fr\/"},{"@type":"ListItem","position":2,"name":"Plein air","item":"https:\/\/blog.sail.ca\/outdoor-activities\/"},{"@type":"ListItem","position":3,"name":"Randonn\u00e9e","item":"https:\/\/blog.sail.ca\/outdoor-activities\/hiking\/"},{"@type":"ListItem","position":4,"name":"\u00c9quipement","item":"https:\/\/blog.sail.ca\/fr\/plein-air\/randonnee\/equipement\/"},{"@type":"ListItem","position":5,"name":"Les 12 meilleurs sacs \u00e0 dos de randonn\u00e9e de 2025"}]},{"@type":"WebSite","@id":"https:\/\/blog.sail.ca\/fr\/#website","url":"https:\/\/blog.sail.ca\/fr\/","name":"SAIL Blogue","description":"Blogue SAIL","publisher":{"@id":"https:\/\/blog.sail.ca\/fr\/#organization"},"potentialAction":[{"@type":"SearchAction","target":{"@type":"EntryPoint","urlTemplate":"https:\/\/blog.sail.ca\/fr\/?s={search_term_string}"},"query-input":{"@type":"PropertyValueSpecification","valueRequired":true,"valueName":"search_term_string"}}],"inLanguage":"fr-CA"},{"@type":"Organization","@id":"https:\/\/blog.sail.ca\/fr\/#organization","name":"SAIL","url":"https:\/\/blog.sail.ca\/fr\/","logo":{"@type":"ImageObject","inLanguage":"fr-CA","@id":"https:\/\/blog.sail.ca\/fr\/#\/schema\/logo\/image\/","url":"https:\/\/blog.sail.ca\/app\/uploads\/2022\/06\/sail-default-og.png","contentUrl":"https:\/\/blog.sail.ca\/app\/uploads\/2022\/06\/sail-default-og.png","width":1200,"height":630,"caption":"SAIL"},"image":{"@id":"https:\/\/blog.sail.ca\/fr\/#\/schema\/logo\/image\/"},"sameAs":["https:\/\/www.facebook.com\/SAILpleinairoutdoors","https:\/\/www.instagram.com\/sailpleinairoutdoors\/","https:\/\/www.linkedin.com\/company\/sailpleinairoutdoors?original_referer=httpswww.sail.ca\/blog","https:\/\/www.youtube.com\/sailpleinairoutdoors","https:\/\/www.tiktok.com\/sailpleinairoutdoors","https:\/\/www.pinterest.com\/sailpleinairoutdoors\/"]},{"@type":"Person","@id":"https:\/\/blog.sail.ca\/fr\/#\/schema\/person\/17d7388fba7f01faf2e9dfd645f57f9b","name":"SAIL","image":{"@type":"ImageObject","inLanguage":"fr-CA","@id":"https:\/\/secure.gravatar.com\/avatar\/555e9a08f123ac4486c2b7ec44d2de6ea847471983d99d7fc537ae551042e484?s=96&d=mm&r=g","url":"https:\/\/secure.gravatar.com\/avatar\/555e9a08f123ac4486c2b7ec44d2de6ea847471983d99d7fc537ae551042e484?s=96&d=mm&r=g","contentUrl":"https:\/\/secure.gravatar.com\/avatar\/555e9a08f123ac4486c2b7ec44d2de6ea847471983d99d7fc537ae551042e484?s=96&d=mm&r=g","caption":"SAIL"}}]}},"_links":{"self":[{"href":"https:\/\/blog.sail.ca\/fr\/wp-json\/wp\/v2\/posts\/15887","targetHints":{"allow":["GET"]}}],"collection":[{"href":"https:\/\/blog.sail.ca\/fr\/wp-json\/wp\/v2\/posts"}],"about":[{"href":"https:\/\/blog.sail.ca\/fr\/wp-json\/wp\/v2\/types\/post"}],"author":[{"embeddable":true,"href":"https:\/\/blog.sail.ca\/fr\/wp-json\/wp\/v2\/users\/9"}],"replies":[{"embeddable":true,"href":"https:\/\/blog.sail.ca\/fr\/wp-json\/wp\/v2\/comments?post=15887"}],"version-history":[{"count":0,"href":"https:\/\/blog.sail.ca\/fr\/wp-json\/wp\/v2\/posts\/15887\/revisions"}],"acf:post":[{"embeddable":true,"href":"https:\/\/blog.sail.ca\/fr\/wp-json\/wp\/v2\/posts\/12372"}],"wp:featuredmedia":[{"embeddable":true,"href":"https:\/\/blog.sail.ca\/fr\/wp-json\/wp\/v2\/media\/22010"}],"wp:attachment":[{"href":"https:\/\/blog.sail.ca\/fr\/wp-json\/wp\/v2\/media?parent=15887"}],"wp:term":[{"taxonomy":"category","embeddable":true,"href":"https:\/\/blog.sail.ca\/fr\/wp-json\/wp\/v2\/categories?post=15887"},{"taxonomy":"post_tag","embeddable":true,"href":"https:\/\/blog.sail.ca\/fr\/wp-json\/wp\/v2\/tags?post=15887"}],"curies":[{"name":"wp","href":"https:\/\/api.w.org\/{rel}","templated":true}]}}